{"id":10799,"date":"2009-09-30T11:11:46","date_gmt":"2009-09-30T11:11:46","guid":{"rendered":"https:\/\/demop.netbaz.be\/2021\/jp\/2009\/09\/30\/l-afrique-des-grands-lacs-au-coeur-des-preoccupations-de-la-belgique\/"},"modified":"2021-04-14T11:44:35","modified_gmt":"2021-04-14T11:44:35","slug":"l-afrique-des-grands-lacs-au-coeur-des-preoccupations-de-la-belgique","status":"publish","type":"post","link":"http:\/\/www.justicepaix.be\/en\/l-afrique-des-grands-lacs-au-coeur-des-preoccupations-de-la-belgique\/","title":{"rendered":"Africa&#039;s Great Lakes, at the heart of Belgium&#039;s concerns"},"content":{"rendered":"<p class=\"post_excerpt\">Fin 2008, la Belgique cl\u00f4turait sa participation au Conseil de s\u00e9curit\u00e9 de l\u2019ONU en tant que membre non permanent. Dans son rapport , la Belgique montre qu\u2019elle a us\u00e9 de son expertise reconnue pour traiter des dossiers africains, en particulier ceux qui concernent les enjeux actuels en Afrique des Grands Lacs. \n\n<\/p>\n\n\n<!--more-->\n\n<h2 class=\"wp-block-heading\">Attachments<\/h2>\n\n\n\n<div class=\"wp-block-file\"><a href=\"http:\/\/demop.netbaz.be\/2021\/jp\/wp-content\/uploads\/2009\/09\/pdf_2009analyserdclafriquedesgrdslacsaucoeurdespreoccupationsdelabelgique.pdf\">Africa&#039;s Great Lakes, at the heart of Belgium&#039;s concerns<\/a><\/div>","protected":false},"excerpt":{"rendered":"<p>Fin 2008, la Belgique cl\u00f4turait sa participation au Conseil de s\u00e9curit\u00e9 de l\u2019ONU en tant que membre non permanent. Dans son rapport , la Belgique montre qu\u2019elle a us\u00e9 de son expertise reconnue pour traiter des dossiers africains, en particulier ceux qui concernent les enjeux actuels en Afrique des Grands Lacs.<\/p>","protected":false},"author":1,"featured_media":0,"comment_status":"closed","ping_status":"open","sticky":false,"template":"","format":"standard","meta":{"_acf_changed":false,"_seopress_robots_primary_cat":"","_seopress_titles_title":"","_seopress_titles_desc":"","_seopress_robots_index":"","footnotes":""},"categories":[2722],"tags":[2794,2795,2805,2825,2792],"class_list":["post-10799","post","type-post","status-publish","format-standard","hentry","category-articles-nos-publications","tag-afrique-centrale","tag-article","tag-geopolitique","tag-prevention-des-conflits","tag-rd-congo"],"acf":[],"_links":{"self":[{"href":"http:\/\/www.justicepaix.be\/en\/wp-json\/wp\/v2\/posts\/10799","targetHints":{"allow":["GET"]}}],"collection":[{"href":"http:\/\/www.justicepaix.be\/en\/wp-json\/wp\/v2\/posts"}],"about":[{"href":"http:\/\/www.justicepaix.be\/en\/wp-json\/wp\/v2\/types\/post"}],"author":[{"embeddable":true,"href":"http:\/\/www.justicepaix.be\/en\/wp-json\/wp\/v2\/users\/1"}],"replies":[{"embeddable":true,"href":"http:\/\/www.justicepaix.be\/en\/wp-json\/wp\/v2\/comments?post=10799"}],"version-history":[{"count":0,"href":"http:\/\/www.justicepaix.be\/en\/wp-json\/wp\/v2\/posts\/10799\/revisions"}],"wp:attachment":[{"href":"http:\/\/www.justicepaix.be\/en\/wp-json\/wp\/v2\/media?parent=10799"}],"wp:term":[{"taxonomy":"category","embeddable":true,"href":"http:\/\/www.justicepaix.be\/en\/wp-json\/wp\/v2\/categories?post=10799"},{"taxonomy":"post_tag","embeddable":true,"href":"http:\/\/www.justicepaix.be\/en\/wp-json\/wp\/v2\/tags?post=10799"}],"curies":[{"name":"wp","href":"https:\/\/api.w.org\/{rel}","templated":true}]}}