{"id":10778,"date":"2008-01-01T00:00:00","date_gmt":"2008-01-01T00:00:00","guid":{"rendered":"https:\/\/demop.netbaz.be\/2021\/jp\/2008\/01\/01\/vers-un-nouveau-synode-africain\/"},"modified":"2021-04-14T11:44:34","modified_gmt":"2021-04-14T11:44:34","slug":"vers-un-nouveau-synode-africain","status":"publish","type":"post","link":"http:\/\/www.justicepaix.be\/en\/vers-un-nouveau-synode-africain\/","title":{"rendered":"Towards a new African Synod"},"content":{"rendered":"<p class=\"post_excerpt\">Pour la Commission Justice et Paix, partenaire de son homologue en RDC, la perspective et le th\u00e8me du Synode pr\u00e9sentent une occasion favorable \u00e0 la r\u00e9flexion et \u00e0 la mobilisation, notamment avec les chr\u00e9tiens africains vivant en Belgique. \n<\/p>\n\n\n<!--more-->\n\n<h2 class=\"wp-block-heading\">Attachments<\/h2>\n\n\n\n<div class=\"wp-block-file\"><a href=\"http:\/\/demop.netbaz.be\/2021\/jp\/wp-content\/uploads\/2009\/09\/pdf_2008analyseversunnouveauSynodeafricain.pdf\">Towards a new African Synod<\/a><\/div>","protected":false},"excerpt":{"rendered":"<p>Pour la Commission Justice et Paix, partenaire de son homologue en RDC, la perspective et le th\u00e8me du Synode pr\u00e9sentent une occasion favorable \u00e0 la r\u00e9flexion et \u00e0 la mobilisation, notamment avec les chr\u00e9tiens africains vivant en Belgique.<\/p>","protected":false},"author":1,"featured_media":0,"comment_status":"closed","ping_status":"open","sticky":false,"template":"","format":"standard","meta":{"_acf_changed":false,"_seopress_robots_primary_cat":"","_seopress_titles_title":"","_seopress_titles_desc":"","_seopress_robots_index":"","footnotes":""},"categories":[2722],"tags":[2794,2795,2825,2804,2826],"class_list":["post-10778","post","type-post","status-publish","format-standard","hentry","category-articles-nos-publications","tag-afrique-centrale","tag-article","tag-prevention-des-conflits","tag-questions-ethiques-et-theologiques","tag-reconciliation"],"acf":[],"_links":{"self":[{"href":"http:\/\/www.justicepaix.be\/en\/wp-json\/wp\/v2\/posts\/10778","targetHints":{"allow":["GET"]}}],"collection":[{"href":"http:\/\/www.justicepaix.be\/en\/wp-json\/wp\/v2\/posts"}],"about":[{"href":"http:\/\/www.justicepaix.be\/en\/wp-json\/wp\/v2\/types\/post"}],"author":[{"embeddable":true,"href":"http:\/\/www.justicepaix.be\/en\/wp-json\/wp\/v2\/users\/1"}],"replies":[{"embeddable":true,"href":"http:\/\/www.justicepaix.be\/en\/wp-json\/wp\/v2\/comments?post=10778"}],"version-history":[{"count":0,"href":"http:\/\/www.justicepaix.be\/en\/wp-json\/wp\/v2\/posts\/10778\/revisions"}],"wp:attachment":[{"href":"http:\/\/www.justicepaix.be\/en\/wp-json\/wp\/v2\/media?parent=10778"}],"wp:term":[{"taxonomy":"category","embeddable":true,"href":"http:\/\/www.justicepaix.be\/en\/wp-json\/wp\/v2\/categories?post=10778"},{"taxonomy":"post_tag","embeddable":true,"href":"http:\/\/www.justicepaix.be\/en\/wp-json\/wp\/v2\/tags?post=10778"}],"curies":[{"name":"wp","href":"https:\/\/api.w.org\/{rel}","templated":true}]}}