{"id":10775,"date":"2008-01-01T00:00:00","date_gmt":"2008-01-01T00:00:00","guid":{"rendered":"https:\/\/demop.netbaz.be\/2021\/jp\/2008\/01\/01\/lutte-contre-le-terrorisme-les-derives-securitaires-ont-elles-vecu\/"},"modified":"2021-04-14T11:44:34","modified_gmt":"2021-04-14T11:44:34","slug":"lutte-contre-le-terrorisme-les-derives-securitaires-ont-elles-vecu","status":"publish","type":"post","link":"http:\/\/www.justicepaix.be\/en\/lutte-contre-le-terrorisme-les-derives-securitaires-ont-elles-vecu\/","title":{"rendered":"Fight against terrorism: have the security abuses survived?"},"content":{"rendered":"<p class=\"post_excerpt\">Alors que la campagne \u00e9lectorale am\u00e9ricaine bat son plein et que trois candidats se d\u00e9tachent dans la course \u00e0 la Maison blanche, nous ne pouvons ignorer le sort qui sera r\u00e9serv\u00e9 par le prochain Pr\u00e9sident des Etats-Unis \u00e0 la prison de Guantanamo.<\/p>\n\n\n<!--more-->\nBarack Obama et Hillary Clinton du c\u00f4t\u00e9 d\u00e9mocrate, ainsi que John McCain du c\u00f4t\u00e9 r\u00e9publicain se sont d\u2019ores et d\u00e9j\u00e0 d\u00e9clar\u00e9s favorables \u00e0 la fermeture de ce centre de d\u00e9tention ouvert en janvier 2002 par l\u2019administration Bush afin d\u2019y enfermer les pr\u00e9sum\u00e9s terroristes.\n\nOutre son caract\u00e8re illicite du point de vue du droit international (la Convention de Gen\u00e8ve prot\u00e9geant les prisonniers de guerre n\u2019y est pas appliqu\u00e9e), les actes de tortures syst\u00e9matiquement perp\u00e9tr\u00e9s \u00e0 Guantanamo ont pouss\u00e9 les organisations de d\u00e9fense de Droits de l\u2019Homme \u00e0 s\u2019insurger contre cet instrument brandi par G.W. Bush pour lutter contre le terrorisme.\n<h2 class=\"wp-block-heading\">Attachments<\/h2>\n\n\n\n<div class=\"wp-block-file\"><a href=\"http:\/\/demop.netbaz.be\/2021\/jp\/wp-content\/uploads\/2009\/09\/pdf_2008Analyseregardsurlactualite1ertrimestre2008.pdf\">Fight against terrorism: have the security abuses survived?<\/a><\/div>","protected":false},"excerpt":{"rendered":"<p>Alors que la campagne \u00e9lectorale am\u00e9ricaine bat son plein et que trois candidats se d\u00e9tachent dans la course \u00e0 la Maison blanche, nous ne pouvons ignorer le sort qui sera r\u00e9serv\u00e9 par le prochain Pr\u00e9sident des Etats-Unis \u00e0 la prison de Guantanamo.<\/p>","protected":false},"author":1,"featured_media":0,"comment_status":"closed","ping_status":"open","sticky":false,"template":"","format":"standard","meta":{"_acf_changed":false,"_seopress_robots_primary_cat":"","_seopress_titles_title":"","_seopress_titles_desc":"","_seopress_robots_index":"","footnotes":""},"categories":[2722],"tags":[2795,2835,2824,2803,2805,2836,2797],"class_list":["post-10775","post","type-post","status-publish","format-standard","hentry","category-articles-nos-publications","tag-article","tag-democratie","tag-droits-humains","tag-elections","tag-geopolitique","tag-prisons","tag-terrorisme"],"acf":[],"_links":{"self":[{"href":"http:\/\/www.justicepaix.be\/en\/wp-json\/wp\/v2\/posts\/10775","targetHints":{"allow":["GET"]}}],"collection":[{"href":"http:\/\/www.justicepaix.be\/en\/wp-json\/wp\/v2\/posts"}],"about":[{"href":"http:\/\/www.justicepaix.be\/en\/wp-json\/wp\/v2\/types\/post"}],"author":[{"embeddable":true,"href":"http:\/\/www.justicepaix.be\/en\/wp-json\/wp\/v2\/users\/1"}],"replies":[{"embeddable":true,"href":"http:\/\/www.justicepaix.be\/en\/wp-json\/wp\/v2\/comments?post=10775"}],"version-history":[{"count":0,"href":"http:\/\/www.justicepaix.be\/en\/wp-json\/wp\/v2\/posts\/10775\/revisions"}],"wp:attachment":[{"href":"http:\/\/www.justicepaix.be\/en\/wp-json\/wp\/v2\/media?parent=10775"}],"wp:term":[{"taxonomy":"category","embeddable":true,"href":"http:\/\/www.justicepaix.be\/en\/wp-json\/wp\/v2\/categories?post=10775"},{"taxonomy":"post_tag","embeddable":true,"href":"http:\/\/www.justicepaix.be\/en\/wp-json\/wp\/v2\/tags?post=10775"}],"curies":[{"name":"wp","href":"https:\/\/api.w.org\/{rel}","templated":true}]}}