{"id":10772,"date":"2008-01-01T00:00:00","date_gmt":"2008-01-01T00:00:00","guid":{"rendered":"https:\/\/demop.netbaz.be\/2021\/jp\/2008\/01\/01\/impact-europeen-et-repercussions-internationales-d-un-kosovo-independant\/"},"modified":"2021-04-14T11:44:34","modified_gmt":"2021-04-14T11:44:34","slug":"impact-europeen-et-repercussions-internationales-d-un-kosovo-independant","status":"publish","type":"post","link":"http:\/\/www.justicepaix.be\/en\/impact-europeen-et-repercussions-internationales-d-un-kosovo-independant\/","title":{"rendered":"European impact and international repercussions of an independent Kosovo"},"content":{"rendered":"<p class=\"post_excerpt\">En effet, cette province albanaise de Serbie constitu\u00e9e de plus de 90% de musulmans fait face depuis plusieurs ann\u00e9es \u00e0 la ferme opposition de la Serbie, Etat r\u00e9ellement souverain depuis le 3 juin 2006 et compos\u00e9 d\u2019une large majorit\u00e9 de chr\u00e9tiens orthodoxes. Si ce territoire ne constitue que 15% du territoire de la Serbie, il n\u2019en reste pas moins que son statut de province serbe a \u00e9t\u00e9 ent\u00e9rin\u00e9 dans la nouvelle constitution serbe, approuv\u00e9e en 2006.<\/p>\n\n\n<!--more-->\n\n<h2 class=\"wp-block-heading\">Attachments<\/h2>\n\n\n\n<div class=\"wp-block-file\"><a href=\"http:\/\/demop.netbaz.be\/2021\/jp\/wp-content\/uploads\/2009\/09\/pdf_2008Analyseimpacteuropeenetrepercussionsinternationalesdunkosovoindependant.pdf\">European impact and international repercussions of an independent Kosovo<\/a><\/div>","protected":false},"excerpt":{"rendered":"<p>En effet, cette province albanaise de Serbie constitu\u00e9e de plus de 90% de musulmans fait face depuis plusieurs ann\u00e9es \u00e0 la ferme opposition de la Serbie, Etat r\u00e9ellement souverain depuis le 3 juin 2006 et compos\u00e9 d\u2019une large majorit\u00e9 de chr\u00e9tiens orthodoxes. Si ce territoire ne constitue que 15% du territoire de la Serbie, il [&hellip;]<\/p>\n","protected":false},"author":1,"featured_media":0,"comment_status":"closed","ping_status":"open","sticky":false,"template":"","format":"standard","meta":{"_acf_changed":false,"_seopress_robots_primary_cat":"","_seopress_titles_title":"","_seopress_titles_desc":"","_seopress_robots_index":"","footnotes":""},"categories":[2722],"tags":[2795,2833,2805,2807,2827,2825],"class_list":["post-10772","post","type-post","status-publish","format-standard","hentry","category-articles-nos-publications","tag-article","tag-europe","tag-geopolitique","tag-organisations-internationales","tag-paix-securite-defense","tag-prevention-des-conflits"],"acf":[],"_links":{"self":[{"href":"http:\/\/www.justicepaix.be\/en\/wp-json\/wp\/v2\/posts\/10772","targetHints":{"allow":["GET"]}}],"collection":[{"href":"http:\/\/www.justicepaix.be\/en\/wp-json\/wp\/v2\/posts"}],"about":[{"href":"http:\/\/www.justicepaix.be\/en\/wp-json\/wp\/v2\/types\/post"}],"author":[{"embeddable":true,"href":"http:\/\/www.justicepaix.be\/en\/wp-json\/wp\/v2\/users\/1"}],"replies":[{"embeddable":true,"href":"http:\/\/www.justicepaix.be\/en\/wp-json\/wp\/v2\/comments?post=10772"}],"version-history":[{"count":0,"href":"http:\/\/www.justicepaix.be\/en\/wp-json\/wp\/v2\/posts\/10772\/revisions"}],"wp:attachment":[{"href":"http:\/\/www.justicepaix.be\/en\/wp-json\/wp\/v2\/media?parent=10772"}],"wp:term":[{"taxonomy":"category","embeddable":true,"href":"http:\/\/www.justicepaix.be\/en\/wp-json\/wp\/v2\/categories?post=10772"},{"taxonomy":"post_tag","embeddable":true,"href":"http:\/\/www.justicepaix.be\/en\/wp-json\/wp\/v2\/tags?post=10772"}],"curies":[{"name":"wp","href":"https:\/\/api.w.org\/{rel}","templated":true}]}}