{"id":10540,"date":"2009-07-23T14:33:55","date_gmt":"2009-07-23T14:33:55","guid":{"rendered":"https:\/\/demop.netbaz.be\/2021\/jp\/2009\/07\/23\/offre-pedagogique-14\/"},"modified":"2021-04-14T11:44:28","modified_gmt":"2021-04-14T11:44:28","slug":"offre-pedagogique-14","status":"publish","type":"post","link":"http:\/\/www.justicepaix.be\/en\/offre-pedagogique-14\/","title":{"rendered":"Educational offer"},"content":{"rendered":"<p class=\"post_excerpt\">Vous \u00eates enseignant, directeur d\u2019\u00e9cole, formateur,animateur de jeunesse, responsable d\u2019une \u00e9quipe paroissiale\u2026  Justice et Paix met \u00e0 votre disposition diff\u00e9rents <a href=\"https:\/\/www.justicepaix.be\/en\/?article9\"> educational tools<\/a> et vous propose de participer \u00e0 des <a href=\"https:\/\/www.justicepaix.be\/en\/?article10\">training<\/a> sur ses th\u00e8mes de travail.\n\n<a href=\"http:\/\/demop.netbaz.be\/2021\/jp\/wp-content\/uploads\/2009\/07\/pdf_CJP_outils_et_formations.pdf\">CJP_outils_et_formations.pdf<\/a>\n\n<a href=\"https:\/\/www.justicepaix.be\/en\/IMG\/pdf\/CJP_outils_et_formations.pdf\/\">T\u00e9l\u00e9charger la brochure<\/a><\/p>\n\n\n<!--more-->\n&#8211; Vous \u00eates soucieux des questions de justice et de citoyennet\u00e9 mondiale\n&#8211; Vous souhaitez sensibiliser votre groupe sur ces sujets, organiser une journ\u00e9e th\u00e9matique ou un projet d\u2019\u00e9cole de plusieurs mois dans votre \u00e9tablissement\n\nJustice et Paix vous accompagne dans votre d\u00e9marche et vous conseille activit\u00e9s et outils p\u00e9dagogiques ad\u00e9quats !\n\nCes activit\u00e9s p\u00e9dagogiques sont aliment\u00e9es par le travail d\u2019\u00e9tude effectu\u00e9 en amont par notre \u00e9quipe. Une \u00e9troite collaboration est men\u00e9e avec le <a href=\"http:\/\/www.segec.be\">SeGEC<\/a> (Secr\u00e9tariat G\u00e9n\u00e9ral de l\u2019Enseignement Catholique en Communaut\u00e9 Fran\u00e7aise).   \n<div id='gallery-1' class='gallery galleryid-10540 gallery-columns-3 gallery-size-thumbnail'><figure class='gallery-item'>\n\t\t\t<div class='gallery-icon landscape'>\n\t\t\t\t<a href='https:\/\/www.justicepaix.be\/wp-content\/uploads\/2015\/01\/jpg_Tryptique_Peda_final_exterieur_L400-2.jpg'><img decoding=\"async\" width=\"150\" height=\"150\" src=\"https:\/\/www.justicepaix.be\/wp-content\/uploads\/2015\/01\/jpg_Tryptique_Peda_final_exterieur_L400-2-150x150.jpg\" class=\"attachment-thumbnail size-thumbnail\" alt=\"Tryptique_Peda_final_exterieur_L400-2.jpg\" \/><\/a>\n\t\t\t<\/div><\/figure>\n\t\t<\/div>\n\n<h2 class=\"wp-block-heading\">Attachments<\/h2>\n\n\n\n<div class=\"wp-block-file\"><a href=\"http:\/\/demop.netbaz.be\/2021\/jp\/wp-content\/uploads\/2015\/01\/pdf_CJP_outils_et_formations.pdf\">CJP_outils_et_formations.pdf<\/a><\/div>","protected":false},"excerpt":{"rendered":"<p>Vous \u00eates enseignant, directeur d\u2019\u00e9cole, formateur,animateur de jeunesse, responsable d\u2019une \u00e9quipe paroissiale\u2026 Justice et Paix met \u00e0 votre disposition diff\u00e9rents outils p\u00e9dagogiques et vous propose de participer \u00e0 des formations sur ses th\u00e8mes de travail. CJP_outils_et_formations.pdf T\u00e9l\u00e9charger la brochure<\/p>","protected":false},"author":1,"featured_media":10542,"comment_status":"closed","ping_status":"open","sticky":false,"template":"","format":"standard","meta":{"_acf_changed":false,"_seopress_robots_primary_cat":"","_seopress_titles_title":"","_seopress_titles_desc":"","_seopress_robots_index":"","footnotes":""},"categories":[2686],"tags":[2791],"class_list":["post-10540","post","type-post","status-publish","format-standard","has-post-thumbnail","hentry","category-pre-2015","tag-descriptif-de-rubrique"],"acf":[],"_links":{"self":[{"href":"http:\/\/www.justicepaix.be\/en\/wp-json\/wp\/v2\/posts\/10540","targetHints":{"allow":["GET"]}}],"collection":[{"href":"http:\/\/www.justicepaix.be\/en\/wp-json\/wp\/v2\/posts"}],"about":[{"href":"http:\/\/www.justicepaix.be\/en\/wp-json\/wp\/v2\/types\/post"}],"author":[{"embeddable":true,"href":"http:\/\/www.justicepaix.be\/en\/wp-json\/wp\/v2\/users\/1"}],"replies":[{"embeddable":true,"href":"http:\/\/www.justicepaix.be\/en\/wp-json\/wp\/v2\/comments?post=10540"}],"version-history":[{"count":0,"href":"http:\/\/www.justicepaix.be\/en\/wp-json\/wp\/v2\/posts\/10540\/revisions"}],"wp:featuredmedia":[{"embeddable":true,"href":"http:\/\/www.justicepaix.be\/en\/wp-json\/wp\/v2\/media\/10542"}],"wp:attachment":[{"href":"http:\/\/www.justicepaix.be\/en\/wp-json\/wp\/v2\/media?parent=10540"}],"wp:term":[{"taxonomy":"category","embeddable":true,"href":"http:\/\/www.justicepaix.be\/en\/wp-json\/wp\/v2\/categories?post=10540"},{"taxonomy":"post_tag","embeddable":true,"href":"http:\/\/www.justicepaix.be\/en\/wp-json\/wp\/v2\/tags?post=10540"}],"curies":[{"name":"wp","href":"https:\/\/api.w.org\/{rel}","templated":true}]}}