{"id":10538,"date":"2009-07-23T14:34:09","date_gmt":"2009-07-23T14:34:09","guid":{"rendered":"https:\/\/demop.netbaz.be\/2021\/jp\/2009\/07\/23\/plaidoyer-13\/"},"modified":"2021-04-14T12:21:54","modified_gmt":"2021-04-14T12:21:54","slug":"plaidoyer-13","status":"publish","type":"post","link":"http:\/\/www.justicepaix.be\/en\/plaidoyer-13\/","title":{"rendered":"Advocacy"},"content":{"rendered":"<p class=\"post_excerpt\">Convaincue qu\u2019un monde plus juste se construit non seulement dans le Sud, mais aussi et surtout au Nord o\u00f9 est concentr\u00e9 une bonne partie du pouvoir \u00e9conomique et politique de la plan\u00e8te, la Commission Justice et Paix d\u00e9veloppe un travail de plaidoyer politique en faveur des droits humains et de la justice aux niveaux tant national, qu\u2019europ\u00e9en et international.<\/p>\n<p><!--more--><br \/>\nCe plaidoyer, s\u2019inspirant de l\u2019<a href=\"https:\/\/www.justicepaix.be\/en\/2009\/07\/23\/analyses\/\">study<\/a> rigoureuse des conflits et des enjeux internationaux, prend la forme d\u2019interpellations, de prises de position et de m\u00e9morandums que la Commission Justice et Paix destine \u00e0 nos d\u00e9cideurs politiques. <\/p>\n<p>Il prend \u00e9galement la forme de rencontres politiques que nous organisons autour des th\u00e8mes et des zones g\u00e9ographiques que nous travaillons.<\/p>\n<p>Conscient que notre action et les messages qu\u2019elle porte ne peuvent \u00eatre entendus si nous restons isol\u00e9s, nous associons nos <a href=\"https:\/\/www.justicepaix.be\/en\/2009\/07\/23\/partners-5\/\">partners<\/a> \u00e0 nos initiatives de sensibilisation politique et, r\u00e9ciproquement, nous soutenons et participons \u00e0 certaines activit\u00e9s de plaidoyer d\u00e9velopp\u00e9es par ceux-ci.<\/p>","protected":false},"excerpt":{"rendered":"<p>Convaincue qu\u2019un monde plus juste se construit non seulement dans le Sud, mais aussi et surtout au Nord o\u00f9 est concentr\u00e9 une bonne partie du pouvoir \u00e9conomique et politique de la plan\u00e8te, la Commission Justice et Paix d\u00e9veloppe un travail de plaidoyer politique en faveur des droits humains et de la justice aux niveaux tant [&hellip;]<\/p>\n","protected":false},"author":1,"featured_media":0,"comment_status":"closed","ping_status":"open","sticky":false,"template":"","format":"standard","meta":{"_acf_changed":false,"_seopress_robots_primary_cat":"","_seopress_titles_title":"","_seopress_titles_desc":"","_seopress_robots_index":"","footnotes":""},"categories":[2686],"tags":[2791],"class_list":["post-10538","post","type-post","status-publish","format-standard","hentry","category-pre-2015","tag-descriptif-de-rubrique"],"acf":[],"_links":{"self":[{"href":"http:\/\/www.justicepaix.be\/en\/wp-json\/wp\/v2\/posts\/10538","targetHints":{"allow":["GET"]}}],"collection":[{"href":"http:\/\/www.justicepaix.be\/en\/wp-json\/wp\/v2\/posts"}],"about":[{"href":"http:\/\/www.justicepaix.be\/en\/wp-json\/wp\/v2\/types\/post"}],"author":[{"embeddable":true,"href":"http:\/\/www.justicepaix.be\/en\/wp-json\/wp\/v2\/users\/1"}],"replies":[{"embeddable":true,"href":"http:\/\/www.justicepaix.be\/en\/wp-json\/wp\/v2\/comments?post=10538"}],"version-history":[{"count":0,"href":"http:\/\/www.justicepaix.be\/en\/wp-json\/wp\/v2\/posts\/10538\/revisions"}],"wp:attachment":[{"href":"http:\/\/www.justicepaix.be\/en\/wp-json\/wp\/v2\/media?parent=10538"}],"wp:term":[{"taxonomy":"category","embeddable":true,"href":"http:\/\/www.justicepaix.be\/en\/wp-json\/wp\/v2\/categories?post=10538"},{"taxonomy":"post_tag","embeddable":true,"href":"http:\/\/www.justicepaix.be\/en\/wp-json\/wp\/v2\/tags?post=10538"}],"curies":[{"name":"wp","href":"https:\/\/api.w.org\/{rel}","templated":true}]}}