{"id":10521,"date":"2009-07-23T14:29:18","date_gmt":"2009-07-23T14:29:18","guid":{"rendered":"https:\/\/demop.netbaz.be\/2021\/jp\/2009\/07\/23\/analyses\/"},"modified":"2009-07-23T14:29:18","modified_gmt":"2009-07-23T14:29:18","slug":"analyses","status":"publish","type":"post","link":"http:\/\/www.justicepaix.be\/en\/analyses\/","title":{"rendered":"Analyzes"},"content":{"rendered":"<p class=\"post_excerpt\">The Justice and Peace Commission is recognized as a continuing education association by the French Community. <\/p>\n<p><!--more--><br \/>\nElle r\u00e9alise un travail d\u2019analyse et d\u2019\u00e9tude et produit des documents qui traitent  de questions de soci\u00e9t\u00e9 en Belgique, en Europe ou dans les pays du Sud. Ces documents sont le r\u00e9sultat d\u2019un travail de r\u00e9flexion et pr\u00e9sentent une prise de position de Justice et Paix. De plus,  ils interpellent le citoyen sur les pistes de solution et d\u2019action possibles.<\/p>\n<p>Les analyses sont des courts textes relatifs \u00e0 une question de soci\u00e9t\u00e9 pr\u00e9cise. Vous pouvez acc\u00e9der \u00e0 l\u2019enti\u00e8ret\u00e9 de nos analyses.<\/p>\n<p>Vous pouvez prendre connaissance de nos dossiers ici-m\u00eame et les commander par <a href=\"\/en\/info@justicepaix.be\/\">e-mail<\/a> ou au +32 (0) 2 738 08 01.<\/p>","protected":false},"excerpt":{"rendered":"<p>The Justice and Peace Commission is recognized as a continuing education association by the French Community.<\/p>","protected":false},"author":1,"featured_media":0,"comment_status":"closed","ping_status":"open","sticky":false,"template":"","format":"standard","meta":{"_acf_changed":false,"_seopress_robots_primary_cat":"","_seopress_titles_title":"","_seopress_titles_desc":"","_seopress_robots_index":"","footnotes":""},"categories":[2722],"tags":[2791],"class_list":["post-10521","post","type-post","status-publish","format-standard","hentry","category-articles-nos-publications","tag-descriptif-de-rubrique"],"acf":[],"_links":{"self":[{"href":"http:\/\/www.justicepaix.be\/en\/wp-json\/wp\/v2\/posts\/10521","targetHints":{"allow":["GET"]}}],"collection":[{"href":"http:\/\/www.justicepaix.be\/en\/wp-json\/wp\/v2\/posts"}],"about":[{"href":"http:\/\/www.justicepaix.be\/en\/wp-json\/wp\/v2\/types\/post"}],"author":[{"embeddable":true,"href":"http:\/\/www.justicepaix.be\/en\/wp-json\/wp\/v2\/users\/1"}],"replies":[{"embeddable":true,"href":"http:\/\/www.justicepaix.be\/en\/wp-json\/wp\/v2\/comments?post=10521"}],"version-history":[{"count":0,"href":"http:\/\/www.justicepaix.be\/en\/wp-json\/wp\/v2\/posts\/10521\/revisions"}],"wp:attachment":[{"href":"http:\/\/www.justicepaix.be\/en\/wp-json\/wp\/v2\/media?parent=10521"}],"wp:term":[{"taxonomy":"category","embeddable":true,"href":"http:\/\/www.justicepaix.be\/en\/wp-json\/wp\/v2\/categories?post=10521"},{"taxonomy":"post_tag","embeddable":true,"href":"http:\/\/www.justicepaix.be\/en\/wp-json\/wp\/v2\/tags?post=10521"}],"curies":[{"name":"wp","href":"https:\/\/api.w.org\/{rel}","templated":true}]}}